{"id":1616,"date":"2025-09-29T08:00:00","date_gmt":"2025-09-29T11:00:00","guid":{"rendered":"https:\/\/gcmais.audiencelabs.com.br\/?p=1616"},"modified":"2025-09-28T23:33:04","modified_gmt":"2025-09-29T02:33:04","slug":"120-confirmado-guilherme-arana-e-do-palmeiras","status":"publish","type":"post","link":"https:\/\/gcmais.audiencelabs.com.br\/120-confirmado-guilherme-arana-e-do-palmeiras\/","title":{"rendered":"120% confirmado: Guilherme Arana \u00e9 do Palmeiras"},"content":{"rendered":"\n<p>Est\u00e1 confirmado: Guilherme Arana \u00e9 do Palmeiras. A frase, que circula entre torcedores e nas redes sociais, n\u00e3o se refere a uma negocia\u00e7\u00e3o oficial, mas sim ao v\u00ednculo afetivo e hist\u00f3rico que o lateral-esquerdo possui com o clube.&nbsp;<\/p>\n\n\n\n<p>Apesar de ter iniciado a carreira profissional no Corinthians, Arana cresceu em uma fam\u00edlia palmeirense e herdou dos pais e do irm\u00e3o o sentimento pelo Verd\u00e3o. Esse contraste entre a trajet\u00f3ria esportiva e a liga\u00e7\u00e3o pessoal faz com que a rela\u00e7\u00e3o entre jogador e clube seja constantemente lembrada.<\/p>\n\n\n\n<figure class=\"wp-block-gallery has-nested-images columns-default is-cropped wp-block-gallery-1 is-layout-flex wp-block-gallery-is-layout-flex\">\n<figure class=\"wp-block-image size-large\"><img loading=\"lazy\" decoding=\"async\" width=\"900\" height=\"600\" data-id=\"1617\" src=\"https:\/\/gcmais.audiencelabs.com.br\/wp-content\/uploads\/2025\/09\/SaveClip.App_483211430_18486633307006228_7290249680860561915_n.jpg\" alt=\"\" class=\"wp-image-1617\" srcset=\"https:\/\/gcmais.audiencelabs.com.br\/wp-content\/uploads\/2025\/09\/SaveClip.App_483211430_18486633307006228_7290249680860561915_n.jpg 900w, https:\/\/gcmais.audiencelabs.com.br\/wp-content\/uploads\/2025\/09\/SaveClip.App_483211430_18486633307006228_7290249680860561915_n-300x200.jpg 300w, https:\/\/gcmais.audiencelabs.com.br\/wp-content\/uploads\/2025\/09\/SaveClip.App_483211430_18486633307006228_7290249680860561915_n-768x512.jpg 768w, https:\/\/gcmais.audiencelabs.com.br\/wp-content\/uploads\/2025\/09\/SaveClip.App_483211430_18486633307006228_7290249680860561915_n-750x500.jpg 750w\" sizes=\"auto, (max-width: 900px) 100vw, 900px\" \/><figcaption class=\"wp-element-caption\">Cr\u00e9ditos: Instagram \/ @guiarana<br><\/figcaption><\/figure>\n<\/figure>\n\n\n\n<h2 class=\"wp-block-heading\">A origem do v\u00ednculo palmeirense<\/h2>\n\n\n\n<p>O maior s\u00edmbolo dessa conex\u00e3o \u00e9 o irm\u00e3o de Arana, Gustavo, que se declarou publicamente torcedor do Palmeiras em diferentes ocasi\u00f5es. A mais marcante aconteceu em 2022, quando o Verd\u00e3o eliminou o Atl\u00e9tico-MG nas quartas de final da Copa Libertadores.&nbsp;<\/p>\n\n\n\n<p>Arana cresceu nesse ambiente, nutrindo admira\u00e7\u00e3o pelo clube que marcou sua inf\u00e2ncia. Por\u00e9m, sua carreira tomou rumos diferentes, j\u00e1 que toda a sua forma\u00e7\u00e3o ocorreu nas categorias de base do Corinthians, justamente o principal rival do time de sua fam\u00edlia.<\/p>\n\n\n\n<p>A liga\u00e7\u00e3o afetiva poderia ter se transformado em uma rela\u00e7\u00e3o profissional quando Arana deixou o Sevilla para retornar ao Brasil. Houve conversas para uma poss\u00edvel transfer\u00eancia ao Allianz Parque, mas as negocia\u00e7\u00f5es n\u00e3o avan\u00e7aram. No fim, ele acertou com o Atl\u00e9tico-MG, clube que defende desde 2021 e pelo qual se tornou pe\u00e7a fundamental.<\/p>\n\n\n\n<p>Nos \u00faltimos dias, o lateral voltou ao notici\u00e1rio, desta vez por um motivo extra-campo. Arana foi um dos atletas que notificaram o Atl\u00e9tico-MG devido a atrasos salariais. O clube mineiro enfrenta dificuldades financeiras, o que levou parte do elenco a formalizar cobran\u00e7as por meio de notifica\u00e7\u00f5es extrajudiciais e at\u00e9 a\u00e7\u00f5es judiciais. Mesmo com contrato v\u00e1lido at\u00e9 2027, o jogador acompanha de perto a crise administrativa e financeira vivida pelo Galo.<\/p>\n","protected":false},"excerpt":{"rendered":"<p>Est\u00e1 confirmado: Guilherme Arana \u00e9 do Palmeiras. A frase, que circula entre torcedores e nas redes sociais, n\u00e3o se refere a uma negocia\u00e7\u00e3o oficial, mas sim ao v\u00ednculo afetivo e hist\u00f3rico que o lateral-esquerdo possui com o clube.&nbsp; Apesar de ter iniciado a carreira profissional no Corinthians, Arana cresceu em uma fam\u00edlia palmeirense e herdou [&hellip;]<\/p>\n","protected":false},"author":3,"featured_media":1618,"comment_status":"open","ping_status":"open","sticky":false,"template":"","format":"standard","meta":{"jnews-multi-image_gallery":[],"jnews_single_post":{"format":"standard"},"jnews_primary_category":[],"jnews_social_meta":[],"jnews_post_split":[],"footnotes":""},"categories":[1],"tags":[],"class_list":["post-1616","post","type-post","status-publish","format-standard","has-post-thumbnail","hentry","category-geral"],"_links":{"self":[{"href":"https:\/\/gcmais.audiencelabs.com.br\/wp-json\/wp\/v2\/posts\/1616","targetHints":{"allow":["GET"]}}],"collection":[{"href":"https:\/\/gcmais.audiencelabs.com.br\/wp-json\/wp\/v2\/posts"}],"about":[{"href":"https:\/\/gcmais.audiencelabs.com.br\/wp-json\/wp\/v2\/types\/post"}],"author":[{"embeddable":true,"href":"https:\/\/gcmais.audiencelabs.com.br\/wp-json\/wp\/v2\/users\/3"}],"replies":[{"embeddable":true,"href":"https:\/\/gcmais.audiencelabs.com.br\/wp-json\/wp\/v2\/comments?post=1616"}],"version-history":[{"count":2,"href":"https:\/\/gcmais.audiencelabs.com.br\/wp-json\/wp\/v2\/posts\/1616\/revisions"}],"predecessor-version":[{"id":1723,"href":"https:\/\/gcmais.audiencelabs.com.br\/wp-json\/wp\/v2\/posts\/1616\/revisions\/1723"}],"wp:featuredmedia":[{"embeddable":true,"href":"https:\/\/gcmais.audiencelabs.com.br\/wp-json\/wp\/v2\/media\/1618"}],"wp:attachment":[{"href":"https:\/\/gcmais.audiencelabs.com.br\/wp-json\/wp\/v2\/media?parent=1616"}],"wp:term":[{"taxonomy":"category","embeddable":true,"href":"https:\/\/gcmais.audiencelabs.com.br\/wp-json\/wp\/v2\/categories?post=1616"},{"taxonomy":"post_tag","embeddable":true,"href":"https:\/\/gcmais.audiencelabs.com.br\/wp-json\/wp\/v2\/tags?post=1616"}],"curies":[{"name":"wp","href":"https:\/\/api.w.org\/{rel}","templated":true}]}}